

{"id":327,"date":"2017-08-11T14:28:49","date_gmt":"2017-08-11T13:28:49","guid":{"rendered":"http:\/\/martin-kuettner.de\/?p=327"},"modified":"2019-07-16T16:03:55","modified_gmt":"2019-07-16T15:03:55","slug":"urlaub-rund-gotland-teil-1","status":"publish","type":"post","link":"https:\/\/martin-kuettner.de\/?p=327","title":{"rendered":"Urlaub! Rund Gotland Teil 1 (Ueckerm\u00fcnde -> V\u00e4ndburg)"},"content":{"rendered":"<p>Ich war bis jetzt ein mal in Gotland, aber leider nur in einem Hafen und das auch nur einen Tag. Damals sind wir von B\u00f6da nach Burgsvik gefahren und mussten dann schon wieder Richtung S\u00fcden abdrehen.<\/p>\n<p>Diesmal haben wir uns entschieden auf einen Schlag nach Gotland zu fahren. Mit 254 Seemeilen, hatte ich mit etwa 1,5 Tagen gerechnet &#8211; wenn der Wind mitspielt. Damit w\u00fcrde dies meine aktuelle Dauerfahrtstrecke um ca. 100 Meilen \u00fcberbieten.<\/p>\n<link rel='stylesheet' id='osm-ol3-css-css' href='https:\/\/martin-kuettner.de\/wp-content\/plugins\/osm\/js\/OL\/10.9.0\/ol.css?ver=6.9.4' media='all' \/>\n<link rel='stylesheet' id='osm-ol3-ext-css-css' href='https:\/\/martin-kuettner.de\/wp-content\/plugins\/osm\/css\/osm_map_v3.css?ver=6.9.4' media='all' \/>\n<link rel='stylesheet' id='osm-map-css-css' href='https:\/\/martin-kuettner.de\/wp-content\/plugins\/osm\/css\/osm_map.css?ver=6.9.4' media='all' \/>\n<script src=\"https:\/\/martin-kuettner.de\/wp-includes\/js\/dist\/vendor\/wp-polyfill.min.js?ver=3.15.0\" id=\"wp-polyfill-js\"><\/script>\n<script src=\"https:\/\/martin-kuettner.de\/wp-content\/plugins\/osm\/js\/OL\/10.9.0\/ol.js?ver=10.9.0\" id=\"osm-ol3-library-js\"><\/script>\n<script src=\"https:\/\/martin-kuettner.de\/wp-content\/plugins\/osm\/js\/osm-v3-plugin-lib.js?ver=1.0.0\" id=\"osm-ol3-ext-library-js\"><\/script>\n<script src=\"https:\/\/martin-kuettner.de\/wp-content\/plugins\/osm\/js\/osm-metabox-events.js?ver=1.0.0\" id=\"osm-ol3-metabox-events-js\"><\/script>\n<script src=\"https:\/\/martin-kuettner.de\/wp-includes\/js\/jquery\/jquery.min.js?ver=3.7.1\" id=\"jquery-core-js\"><\/script>\n<script src=\"https:\/\/martin-kuettner.de\/wp-includes\/js\/jquery\/jquery-migrate.min.js?ver=3.4.1\" id=\"jquery-migrate-js\"><\/script>\n<script id=\"osm-map-startup-js-extra\">\nvar translations = {\"openlayer\":\"open layer\",\"openlayerAtStartup\":\"open layer at startup\",\"generateLink\":\"link to this map with opened layers\",\"shortDescription\":\"short description\",\"generatedShortCode\":\"to get a text control link paste this code in your wordpress editor\",\"closeLayer\":\"close layer\",\"cantGenerateLink\":\"put this string in the existing map short code to control this map\"};\n\/\/# sourceURL=osm-map-startup-js-extra\n<\/script>\n<script src=\"https:\/\/martin-kuettner.de\/wp-content\/plugins\/osm\/js\/osm-startup-lib.js?ver=V6.2.5\" id=\"osm-map-startup-js\"><\/script>\n\n        <div id=\"map_ol3js_1\"\n       class=\"osm-map-container undefined\"\n             data-map_name=\"undefined\"\n             data-map=\"map_ol3js_1\"\n             data-autoshow=\"no\"\n             style=\"width:100%;\n                    max-width:100%;\n                    height:450px;\n                    display:block;\n                    overflow:hidden;\n                    border:thin solid black;\n                    position: relative;\">\n          <div id=\"map_ol3js_1_popup\" class=\"ol-popup\">\n            <a href=\"#\" id=\"map_ol3js_1_popup-closer\" class=\"ol-popup-closer\"><\/a>\n            <div id=\"map_ol3js_1_popup-content\"><\/div>\n          <\/div>\n        <\/div>\n    <script type=\"text\/javascript\">\n\t\t\t  vectorM['map_ol3js_1'] = [];\n\t        \n        var raster = getTileLayer(\"openseamap\",\"NoKey\");\t\t\t\n\n\t\t\t  var map_ol3js_1 = new ol.Map({\n\t\t\t\tinteractions: ol.interaction.defaults.defaults({mouseWheelZoom:false}),\n\t\t\t\tlayers: [raster],\n\t\t\t\ttarget: \"map_ol3js_1\",\n\t\t\t\tview: new ol.View({\n\t\t\t\t  center: ol.proj.transform([16.583,55.817], \"EPSG:4326\", \"EPSG:3857\"),\n\t\t\t\t  zoom: 6\n\t\t\t\t})\n\t\t\t  });\n\t\t\t  \n\n          var Layer2 = new ol.layer.Tile({\n            source: new ol.source.OSM({\n              attributions: \"Maps &copy; \" +\n              \"<a href=\\\"http:\/\/www.openseamap.org\/\\\">OpenSeaMap<\/a>\",\n              crossOrigin: null,\n              url: \"https:\/\/t1.openseamap.org\/seamark\/{z}\/{x}\/{y}.png\"\n            }),\n            className: \"ol-openseamap\",\n            zIndex: 91\n          });\t\t\t  \n\t\t\t  \n\t\t\t  map_ol3js_1.addLayer(Layer2);\n    var style_map_ol3js_1_0 = {\n      \"Point\": [new ol.style.Style({\n\n          image: new ol.style.Icon({\n            anchor: [0.5, 41],\n            anchorXUnits: \"fraction\",\n            anchorYUnits: \"pixels\",\n            opacity: 0.75,\n            src: \"https:\/\/martin-kuettner.de\/wp-content\/plugins\/osm\/icons\/mic_red_pinother_02.png\"\n          })\n      })],\n\n      \"LineString\": [new ol.style.Style({\n        stroke: new ol.style.Stroke({\n          color: \"red\",\n          width: 8\n        })\n      })],\n      \"MultiLineString\": [new ol.style.Style({\n        stroke: new ol.style.Stroke({\n          color: \"red\",\n          width: 4\n        })\n      })]\n    };\n\t\t  var vectorL0 = new ol.layer.Vector({\n\t\t\t\tsource: new ol.source.Vector({\n\t\t\t\turl:\"..\/..\/..\/..\/wp-content\/gpx\/Gotland1.gpx\",\n\t\t\t\tformat: new ol.format.GPX({\n\t\t\t\t\textractStyles: false\n\t\t\t\t})\n\t\t\t}),\n\t\t\tzIndex: 92,\n\t\t\tstyle: function(feature, resolution) {return style_map_ol3js_1_0[feature.getGeometry().getType()];}\n\t\t  });\n\t\t  map_ol3js_1.addLayer(vectorL0);addControls2Map(map_ol3js_1,0,0,3,0,5,6,7,1,1);\nosm_addPopupClickhandler(map_ol3js_1,  \"map_ol3js_1\"); \nosm_addMouseHover(map_ol3js_1); <\/script>\n<p><!--more--><\/p>\n<p>Nachdem wir durchs Haff waren ist uns nat\u00fcrlich erst mal der Wind eingepennt, um dann nachts ab um 2 immer mehr zuzunehmen. Es lief also darauf raus, da\u00df wir immer mehr reffen mussten. Erst das erste Reff, was ich erst mal ausgezogen habe (Knoten aufgegangen). Also kurzerhand die Leine des zweiten Reffs genutzt, und die andere dann wieder eingezogen. Sp\u00e4ter kam das zweite Reff vom Gro\u00df zum Einsatz, bis ich das Segel komplett bergen musste.<\/p>\n<p>Langsamer wurde das Schiff nicht wirklich, da der Wind von seinen anf\u00e4nglich 2..3 auf 7..8 aufgedreht hatte. Der Wind war nicht so das gro\u00dfe Problem, da wir ihn achterlich hatte. Aber die heranrollende Welle hat uns ganz sch\u00f6n tanzen lassen \ud83d\ude09<\/p>\n<p>Die Zeit pl\u00e4tscherte so dahin, tags\u00fcber habe ich noch 2 USB Ladedosen eingebaut und Claudi hat angefangen ein paar Polster f\u00fcr das Cockpit zu n\u00e4hen.<\/p>\n<p>Irgendwann wurde die Reststrecke einstellig und Gotland kam in Sicht. Da wir \u00f6stlich fahren wollten war V\u00e4ndburg unser erster Stopp. Ein netter kleiner Hafen mit 3 kleinen Becken, der sehr idyllisch gelegen ist.<\/p>\n<p>Wassertiefe ist um die 4 Meter und es gibt Strom, Wasser, WC und eine Dusche. Der Hafenmeister kommt abends zum kassieren. Die Kosten liegen bei 16\u20ac f\u00fcr unser 35ft Boot.<\/p>\n<p>Mehr \u00fcber die Fahrt gibts im folgenden Video:<\/p>\n\n<div class=\"youtube-embed ye-container\" itemprop=\"video\" itemscope itemtype=\"https:\/\/schema.org\/VideoObject\">\n\t<meta itemprop=\"url\" content=\"https:\/\/www.youtube.com\/v\/DeBkEGERWHk\" \/>\n\t<meta itemprop=\"name\" content=\"Urlaub! Rund Gotland Teil 1 (Ueckerm\u00fcnde -> V\u00e4ndburg)\" \/>\n\t<meta itemprop=\"description\" content=\"Urlaub! Rund Gotland Teil 1 (Ueckerm\u00fcnde -> V\u00e4ndburg)\" \/>\n\t<meta itemprop=\"uploadDate\" content=\"2017-08-11T14:28:49+01:00\" \/>\n\t<meta itemprop=\"thumbnailUrl\" content=\"https:\/\/i.ytimg.com\/vi\/DeBkEGERWHk\/default.jpg\" \/>\n\t<meta itemprop=\"embedUrl\" content=\"https:\/\/www.youtube.com\/embed\/DeBkEGERWHk\" \/>\n\t<meta itemprop=\"height\" content=\"720\" \/>\n\t<meta itemprop=\"width\" content=\"1280\" \/>\n\t<iframe style=\"border: 0;\" class=\"youtube-player\" width=\"1280\" height=\"720\" src=\"https:\/\/www.youtube.com\/embed\/DeBkEGERWHk?rel=0\" allowfullscreen><\/iframe>\n<\/div>\n\n<p>&nbsp;<\/p>\n<div id=\"ShortCode_Div\"><\/div>\n","protected":false},"excerpt":{"rendered":"<p>Ich war bis jetzt ein mal in Gotland, aber leider nur in einem Hafen und das auch nur einen Tag. Damals sind wir von B\u00f6da nach Burgsvik gefahren und mussten dann schon wieder Richtung S\u00fcden abdrehen. Diesmal haben wir uns entschieden auf einen Schlag nach Gotland zu fahren. Mit 254 Seemeilen, hatte ich mit etwa &hellip; <\/p>\n<p class=\"link-more\"><a href=\"https:\/\/martin-kuettner.de\/?p=327\" class=\"more-link\"><span class=\"screen-reader-text\">\u201eUrlaub! Rund Gotland Teil 1 (Ueckerm\u00fcnde -> V\u00e4ndburg)\u201c <\/span>weiterlesen<\/a><\/p>\n","protected":false},"author":1,"featured_media":0,"comment_status":"open","ping_status":"open","sticky":false,"template":"","format":"standard","meta":{"footnotes":""},"categories":[5],"tags":[],"class_list":["post-327","post","type-post","status-publish","format-standard","hentry","category-onroute"],"post_mailing_queue_ids":[],"_links":{"self":[{"href":"https:\/\/martin-kuettner.de\/index.php?rest_route=\/wp\/v2\/posts\/327","targetHints":{"allow":["GET"]}}],"collection":[{"href":"https:\/\/martin-kuettner.de\/index.php?rest_route=\/wp\/v2\/posts"}],"about":[{"href":"https:\/\/martin-kuettner.de\/index.php?rest_route=\/wp\/v2\/types\/post"}],"author":[{"embeddable":true,"href":"https:\/\/martin-kuettner.de\/index.php?rest_route=\/wp\/v2\/users\/1"}],"replies":[{"embeddable":true,"href":"https:\/\/martin-kuettner.de\/index.php?rest_route=%2Fwp%2Fv2%2Fcomments&post=327"}],"version-history":[{"count":8,"href":"https:\/\/martin-kuettner.de\/index.php?rest_route=\/wp\/v2\/posts\/327\/revisions"}],"predecessor-version":[{"id":359,"href":"https:\/\/martin-kuettner.de\/index.php?rest_route=\/wp\/v2\/posts\/327\/revisions\/359"}],"wp:attachment":[{"href":"https:\/\/martin-kuettner.de\/index.php?rest_route=%2Fwp%2Fv2%2Fmedia&parent=327"}],"wp:term":[{"taxonomy":"category","embeddable":true,"href":"https:\/\/martin-kuettner.de\/index.php?rest_route=%2Fwp%2Fv2%2Fcategories&post=327"},{"taxonomy":"post_tag","embeddable":true,"href":"https:\/\/martin-kuettner.de\/index.php?rest_route=%2Fwp%2Fv2%2Ftags&post=327"}],"curies":[{"name":"wp","href":"https:\/\/api.w.org\/{rel}","templated":true}]}}