{"id":289,"date":"2017-06-19T15:27:35","date_gmt":"2017-06-19T14:27:35","guid":{"rendered":"http:\/\/martin-kuettner.de\/?p=289"},"modified":"2019-07-16T15:57:48","modified_gmt":"2019-07-16T14:57:48","slug":"kurzvideo-vom-ruegendamm-in-den-bodden","status":"publish","type":"post","link":"https:\/\/martin-kuettner.de\/?p=289","title":{"rendered":"Kurzvideo: Vom R\u00fcgendamm in den Bodden"},"content":{"rendered":"<p>Ein etwas \u00e4lteres Video von der \u00dcberf\u00fchrungsfahrt von der R\u00fcgendammbr\u00fccke zum Greifswalder Bodden.<\/p>\n<p>Ich hab das Video auf der GoPro meiner Freundin gefunden und finde, da\u00df es im Blog nicht fehlen darf.<\/p>\n<p>Wir hatten recht b\u00f6igen Wind mit 3..4 und gute 5er B\u00f6en drin. Nat\u00fcrlich alles gesetzt, da\u00df es in den B\u00f6en schon ganz ordentlich geluvt hat.<\/p>\n<p>Da gerade Heringssaison war, viele Stellnetze, Angler und nat\u00fcrlich diese Bavaria, mit der ich mir ein kleines Rennen geliefert habe \ud83d\ude00<\/p>\n\n<div class=\"youtube-embed ye-container\" itemprop=\"video\" itemscope itemtype=\"https:\/\/schema.org\/VideoObject\">\n\t<meta itemprop=\"url\" content=\"https:\/\/www.youtube.com\/v\/wFEWaTmMag8\" \/>\n\t<meta itemprop=\"name\" content=\"Kurzvideo: Vom R\u00fcgendamm in den Bodden\" \/>\n\t<meta itemprop=\"description\" content=\"Kurzvideo: Vom R\u00fcgendamm in den Bodden\" \/>\n\t<meta itemprop=\"uploadDate\" content=\"2017-06-19T15:27:35+01:00\" \/>\n\t<meta itemprop=\"thumbnailUrl\" content=\"https:\/\/i.ytimg.com\/vi\/wFEWaTmMag8\/default.jpg\" \/>\n\t<meta itemprop=\"embedUrl\" content=\"https:\/\/www.youtube.com\/embed\/wFEWaTmMag8\" \/>\n\t<meta itemprop=\"height\" content=\"720\" \/>\n\t<meta itemprop=\"width\" content=\"1280\" \/>\n\t<iframe style=\"border: 0;\" class=\"youtube-player\" width=\"1280\" height=\"720\" src=\"https:\/\/www.youtube.com\/embed\/wFEWaTmMag8?rel=0\" allowfullscreen><\/iframe>\n<\/div>\n\n","protected":false},"excerpt":{"rendered":"<p>Ein etwas \u00e4lteres Video von der \u00dcberf\u00fchrungsfahrt von der R\u00fcgendammbr\u00fccke zum Greifswalder Bodden. Ich hab das Video auf der GoPro meiner Freundin gefunden und finde, da\u00df es im Blog nicht fehlen darf. Wir hatten recht b\u00f6igen Wind mit 3..4 und gute 5er B\u00f6en drin. Nat\u00fcrlich alles gesetzt, da\u00df es in den B\u00f6en schon ganz ordentlich &hellip; <\/p>\n<p class=\"link-more\"><a href=\"https:\/\/martin-kuettner.de\/?p=289\" class=\"more-link\"><span class=\"screen-reader-text\">\u201eKurzvideo: Vom R\u00fcgendamm in den Bodden\u201c <\/span>weiterlesen<\/a><\/p>\n","protected":false},"author":1,"featured_media":0,"comment_status":"open","ping_status":"open","sticky":false,"template":"","format":"standard","meta":{"footnotes":""},"categories":[5],"tags":[],"class_list":["post-289","post","type-post","status-publish","format-standard","hentry","category-onroute"],"post_mailing_queue_ids":[],"_links":{"self":[{"href":"https:\/\/martin-kuettner.de\/index.php?rest_route=\/wp\/v2\/posts\/289","targetHints":{"allow":["GET"]}}],"collection":[{"href":"https:\/\/martin-kuettner.de\/index.php?rest_route=\/wp\/v2\/posts"}],"about":[{"href":"https:\/\/martin-kuettner.de\/index.php?rest_route=\/wp\/v2\/types\/post"}],"author":[{"embeddable":true,"href":"https:\/\/martin-kuettner.de\/index.php?rest_route=\/wp\/v2\/users\/1"}],"replies":[{"embeddable":true,"href":"https:\/\/martin-kuettner.de\/index.php?rest_route=%2Fwp%2Fv2%2Fcomments&post=289"}],"version-history":[{"count":2,"href":"https:\/\/martin-kuettner.de\/index.php?rest_route=\/wp\/v2\/posts\/289\/revisions"}],"predecessor-version":[{"id":291,"href":"https:\/\/martin-kuettner.de\/index.php?rest_route=\/wp\/v2\/posts\/289\/revisions\/291"}],"wp:attachment":[{"href":"https:\/\/martin-kuettner.de\/index.php?rest_route=%2Fwp%2Fv2%2Fmedia&parent=289"}],"wp:term":[{"taxonomy":"category","embeddable":true,"href":"https:\/\/martin-kuettner.de\/index.php?rest_route=%2Fwp%2Fv2%2Fcategories&post=289"},{"taxonomy":"post_tag","embeddable":true,"href":"https:\/\/martin-kuettner.de\/index.php?rest_route=%2Fwp%2Fv2%2Ftags&post=289"}],"curies":[{"name":"wp","href":"https:\/\/api.w.org\/{rel}","templated":true}]}}