{"id":1468,"date":"2019-08-05T17:48:42","date_gmt":"2019-08-05T16:48:42","guid":{"rendered":"https:\/\/martin-kuettner.de\/?p=1468"},"modified":"2019-08-05T17:54:07","modified_gmt":"2019-08-05T16:54:07","slug":"der-plan","status":"publish","type":"post","link":"https:\/\/martin-kuettner.de\/?p=1468","title":{"rendered":"Der Plan ;)"},"content":{"rendered":"<p>Tach&#8217;schen,<\/p>\n<p>ich wurde von mehreren Leuten gefragt, wie denn unsere Route aussehen soll.<\/p>\n<p>F\u00fcr mich war das logischerweise immer klar, aber ich kann die Frage verstehen \ud83d\ude09<\/p>\n<p>Wenn man sich mit dem Thema besch\u00e4ftigt, dann merkt man schnell, da\u00df die Route (mit gewissen Abweichungen) immer gleich ist. Erst mal Richtung S\u00fcden, bis die Butter schmilzt und dann im Nordost Passat Richtung Westen. Wenn man das als Urlaub machen m\u00f6chte, sollte man gewisse Regeln einhalten.<\/p>\n<p>Diese sind:<\/p>\n<p><!--more--><\/p>\n<p>Vor den Herbstst\u00fcrmen \u00fcber die Biskaya, dann an der K\u00fcste von Spanien\/Portugal und Afrika in den Ausl\u00e4ufern des Azorenhochs Richtung S\u00fcden, bis man in den Nordost Passat kommt. Mit dem sollte man etwa zum Jahreswechsel in der Karibik ankommen. Wir haben hier in Europa unsere Herbst-\/Winterst\u00fcrme, in der Karibik gibt es die Hurrikansaison. Die macht zwischen Januar und April Pause. Somit hat man in der Karibik ca. 4 Monate Zeit, bis man anfangen sollte nach Norden abzulaufen. Aber nicht direkt zu den Azoren, da kann man in die Ro\u00dfbreiten kommen. Die Ro\u00dfbreiten sind ein recht gro\u00dfes Gebiet mitten auf dem Atlantik, in dem schwache umlaufende Winde herrschen. Dieses Gebiet tr\u00e4gt seinen Namen, weil damals die Kolonialm\u00e4chte mit ihren Segelbarkassen dort in wochenlange Flauten gerieten und aus Ermangelung an Wasser ihre Pferde \u00fcber Bord geworfen haben.\u00a0 M\u00f6chte man jetzt durch die Ro\u00dfbreiten fahren wird empfohlen f\u00fcr mindestens 1000 Meilen Diesel dabei zu haben. Da ich die Selene aber nicht zu einem Tankschiff umbauen m\u00f6chte und es zuf\u00e4lligerweise ein Segelboot ist, f\u00e4llt das wohl aus.<\/p>\n<p>Ich bin ehrlich: Die R\u00fccktour wird &#8222;interessant&#8220;. Es gibt nicht wenige, welche die recht einfache Hintour machen und ihr Schiff in der Karibik verkaufen. Deshalb kann man dort auch recht gro\u00dfe Schiffe f\u00fcr recht wenig Geld bekommen. F\u00fcr mich stand aber vor allem die R\u00fccktour von Beginn an im Fokus. Zu den Bermudas kann es eine Art &#8222;Gegenan-Gehacke&#8220; werden und sp\u00e4ter mu\u00df man einen guten Mittelweg zwischen Flaute und Sturm zwischen dem Azorenhoch und den nordatlantischen St\u00fcrmen finden.<\/p>\n<p>Von den Azoren soll es dann zur\u00fcck zum europ\u00e4ischen Festland gehen und dann so zur\u00fcck, da\u00df ich sp\u00e4testens am 01. Okotober 2020 wieder in die Arbeit einsteigen kann.<\/p>\n<p>Ob das so klappt steht in den Sternen, denn jeder der Segeln geht wei\u00df: &#8222;Erst mal kommt es anders.&#8220; und zweitens: &#8222;Als man denkt&#8220;. So ist es auch schon mal passiert, da\u00df ich meinen Chef von Bornholm aus angerufen habe, weil es mit dem Wind keine Chance gab p\u00fcnklich wieder zu Hause zu sein. Bernd, Dank Dir f\u00fcr dein Verst\u00e4ndnis.<\/p>\n<p>Hier ist die geplante Route &#8211; so grob. Nat\u00fcrlich werden wir versuchen so viele Inseln und Buchten wie m\u00f6glich anzulaufen. Welche? Das wird Neptun entscheiden.<\/p>\n\n<div class=\"youtube-embed ye-container\" itemprop=\"video\" itemscope itemtype=\"https:\/\/schema.org\/VideoObject\">\n\t<meta itemprop=\"url\" content=\"https:\/\/www.youtube.com\/v\/WLHPir8IBDs\" \/>\n\t<meta itemprop=\"name\" content=\"Worum geht es?\" \/>\n\t<meta itemprop=\"description\" content=\"Worum geht es?\" \/>\n\t<meta itemprop=\"uploadDate\" content=\"2017-03-22T12:47:34+01:00\" \/>\n\t<meta itemprop=\"thumbnailUrl\" content=\"https:\/\/i.ytimg.com\/vi\/WLHPir8IBDs\/default.jpg\" \/>\n\t<meta itemprop=\"embedUrl\" content=\"https:\/\/www.youtube.com\/embed\/WLHPir8IBDs\" \/>\n\t<meta itemprop=\"height\" content=\"720\" \/>\n\t<meta itemprop=\"width\" content=\"1280\" \/>\n\t<iframe style=\"border: 0;\" class=\"youtube-player\" width=\"1280\" height=\"720\" src=\"https:\/\/www.youtube.com\/embed\/WLHPir8IBDs?rel=0\" allowfullscreen><\/iframe>\n<\/div>\n\n","protected":false},"excerpt":{"rendered":"<p>Tach&#8217;schen, ich wurde von mehreren Leuten gefragt, wie denn unsere Route aussehen soll. F\u00fcr mich war das logischerweise immer klar, aber ich kann die Frage verstehen \ud83d\ude09 Wenn man sich mit dem Thema besch\u00e4ftigt, dann merkt man schnell, da\u00df die Route (mit gewissen Abweichungen) immer gleich ist. Erst mal Richtung S\u00fcden, bis die Butter schmilzt &hellip; <\/p>\n<p class=\"link-more\"><a href=\"https:\/\/martin-kuettner.de\/?p=1468\" class=\"more-link\"><span class=\"screen-reader-text\">\u201eDer Plan ;)\u201c <\/span>weiterlesen<\/a><\/p>\n","protected":false},"author":1,"featured_media":0,"comment_status":"open","ping_status":"open","sticky":false,"template":"","format":"standard","meta":{"footnotes":""},"categories":[1],"tags":[],"class_list":["post-1468","post","type-post","status-publish","format-standard","hentry","category-common"],"post_mailing_queue_ids":[],"_links":{"self":[{"href":"https:\/\/martin-kuettner.de\/index.php?rest_route=\/wp\/v2\/posts\/1468","targetHints":{"allow":["GET"]}}],"collection":[{"href":"https:\/\/martin-kuettner.de\/index.php?rest_route=\/wp\/v2\/posts"}],"about":[{"href":"https:\/\/martin-kuettner.de\/index.php?rest_route=\/wp\/v2\/types\/post"}],"author":[{"embeddable":true,"href":"https:\/\/martin-kuettner.de\/index.php?rest_route=\/wp\/v2\/users\/1"}],"replies":[{"embeddable":true,"href":"https:\/\/martin-kuettner.de\/index.php?rest_route=%2Fwp%2Fv2%2Fcomments&post=1468"}],"version-history":[{"count":4,"href":"https:\/\/martin-kuettner.de\/index.php?rest_route=\/wp\/v2\/posts\/1468\/revisions"}],"predecessor-version":[{"id":1472,"href":"https:\/\/martin-kuettner.de\/index.php?rest_route=\/wp\/v2\/posts\/1468\/revisions\/1472"}],"wp:attachment":[{"href":"https:\/\/martin-kuettner.de\/index.php?rest_route=%2Fwp%2Fv2%2Fmedia&parent=1468"}],"wp:term":[{"taxonomy":"category","embeddable":true,"href":"https:\/\/martin-kuettner.de\/index.php?rest_route=%2Fwp%2Fv2%2Fcategories&post=1468"},{"taxonomy":"post_tag","embeddable":true,"href":"https:\/\/martin-kuettner.de\/index.php?rest_route=%2Fwp%2Fv2%2Ftags&post=1468"}],"curies":[{"name":"wp","href":"https:\/\/api.w.org\/{rel}","templated":true}]}}